{"id":19046,"date":"2023-10-05T21:17:53","date_gmt":"2023-10-05T21:17:53","guid":{"rendered":"https:\/\/pafritas.es\/?p=19046"},"modified":"2023-10-05T21:21:39","modified_gmt":"2023-10-05T21:21:39","slug":"feria-anuga-2023","status":"publish","type":"post","link":"https:\/\/pafritas.es\/fr\/feria-anuga-2023\/","title":{"rendered":"Feria ANUGA 2023"},"content":{"rendered":"<div class=\"flex-1 overflow-hidden\">\n<div class=\"react-scroll-to-bottom--css-befrr-79elbk h-full dark:bg-gray-800\">\n<div class=\"react-scroll-to-bottom--css-befrr-1n7m0yu\">\n<div class=\"flex flex-col text-sm dark:bg-gray-800\">\n<div class=\"group w-full text-token-text-primary border-b border-black\/10 gizmo:border-0 dark:border-gray-900\/50 gizmo:dark:border-0 bg-gray-50 gizmo:bg-transparent dark:bg-[#444654] gizmo:dark:bg-transparent\" data-testid=\"conversation-turn-3\">\n<div class=\"p-4 justify-center text-base md:gap-6 md:py-6 m-auto\">\n<div class=\"flex flex-1 gap-4 text-base mx-auto md:gap-6 gizmo:gap-3 gizmo:md:px-5 gizmo:lg:px-1 gizmo:xl:px-5 md:max-w-2xl lg:max-w-[38rem] gizmo:md:max-w-3xl gizmo:lg:max-w-[40rem] gizmo:xl:max-w-[48rem] xl:max-w-3xl }\">\n<div class=\"relative flex w-[calc(100%-50px)] flex-col gap-1 gizmo:w-full md:gap-3 lg:w-[calc(100%-115px)] agent-turn\">\n<div class=\"flex flex-grow flex-col gap-3 max-w-full\">\n<div class=\"min-h-[20px] flex flex-col items-start gap-3 whitespace-pre-wrap break-words overflow-x-auto\">\n<div class=\"markdown prose w-full break-words dark:prose-invert dark\">\n<p>\u00a1Prep\u00e1rate para una experiencia culinaria extraordinaria en la Feria ANUGA!<\/p>\n<p>Del s\u00e1bado 7 al mi\u00e9rcoles 11 de octubre, Pafritas estar\u00e1 presente en la feria ANUGA, el evento gastron\u00f3mico m\u00e1s grande y destacado del mundo. Esta emocionante feria se llevar\u00e1 a cabo en Colonia, Alemania, y es el lugar de encuentro definitivo para los amantes de la comida y las bebidas de todo el planeta.<\/p>\n<p>No querr\u00e1s perderte la oportunidad de explorar el mundo de los alimentos y las bebidas en un solo lugar. ANUGA re\u00fane a miles de expositores de diferentes rincones del mundo, ofreciendo una incre\u00edble variedad de productos, desde delicias gourmet hasta ingredientes \u00fanicos. \u00a1Y Pafritas estar\u00e1 all\u00ed para deleitar tus sentidos!<\/p>\n<p>Si est\u00e1s ansioso por visitarnos, aseg\u00farate de encontrarnos en el Hall general fine food, Stand 11B015a. Este ser\u00e1 nuestro punto de encuentro, donde podr\u00e1s descubrir y degustar nuestras incre\u00edbles patatas fritas gourmet y otros productos irresistibles que tenemos preparados para ti.<\/p>\n<p>No importa si eres un amante de la comida, un profesional de la industria o simplemente un curioso explorador gastron\u00f3mico, ANUGA tiene algo para todos. Desde tendencias culinarias hasta innovaciones en alimentos y bebidas, esta feria es una oportunidad \u00fanica para experimentar lo mejor de la gastronom\u00eda mundial en un solo lugar.<\/p>\n<p>Ven a visitarnos, conoce a nuestro apasionado equipo y descubre por qu\u00e9 nuestras patatas fritas gourmet son tan especiales.<\/p>\n<p>\u00a1Nos vemos en ANUGA del 7 al 11 de octubre !<\/p>\n<\/div>\n<\/div>\n<\/div>\n<\/div>\n<\/div>\n<\/div>\n<\/div>\n<div class=\"h-32 md:h-48 flex-shrink-0\"><strong>STAND: <\/strong><\/div>\n<div class=\"h-32 md:h-48 flex-shrink-0\"><strong>Hall general fine food<\/strong><\/div>\n<div class=\"h-32 md:h-48 flex-shrink-0\"><strong>Stand 11B015a<\/strong><\/div>\n<\/div>\n<\/div>\n<\/div>\n<\/div>\n<div class=\"absolute bottom-0 left-0 w-full border-t md:border-t-0 dark:border-white\/20 md:border-transparent md:dark:border-transparent md:bg-vert-light-gradient bg-white dark:bg-gray-800 md:!bg-transparent dark:md:bg-vert-dark-gradient pt-2 md:pl-2 md:w-[calc(100%-.5rem)]\">\n<form class=\"stretch mx-2 flex flex-row gap-3 last:mb-2 md:mx-4 md:last:mb-6 lg:mx-auto lg:max-w-2xl xl:max-w-3xl\">\n<div class=\"relative flex h-full flex-1 items-stretch md:flex-col\">\n<div>\n<div class=\"h-full flex ml-1 md:w-full md:m-auto md:mb-4 gap-0 md:gap-2 justify-center\"><\/div>\n<\/div>\n<\/div>\n<\/form>\n<\/div>\n","protected":false},"excerpt":{"rendered":"<p>\u00a1Prep\u00e1rate para una experiencia culinaria extraordinaria en la Feria ANUGA! Del s\u00e1bado 7 al mi\u00e9rcoles 11 de octubre, Pafritas estar\u00e1 presente en la feria ANUGA, el evento gastron\u00f3mico m\u00e1s grande y destacado del mundo. Esta emocionante feria se llevar\u00e1 a [&hellip;]<\/p>\n","protected":false},"author":1,"featured_media":19047,"comment_status":"closed","ping_status":"closed","sticky":false,"template":"","format":"standard","meta":{"footnotes":""},"categories":[579,511],"tags":[512,521,508,514,501],"class_list":["post-19046","post","type-post","status-publish","format-standard","has-post-thumbnail","hentry","category-agenda","category-feria","tag-anuga","tag-feria","tag-gourmet","tag-internacional","tag-noticias"],"yoast_head":"<!-- This site is optimized with the Yoast SEO plugin v25.0 - https:\/\/yoast.com\/wordpress\/plugins\/seo\/ -->\n<title>Feria ANUGA 2023 - Pafritas<\/title>\n<meta name=\"description\" content=\"Pafritas expone en la feria Anuga de 2023 para dar a conocer sus productos en el mercado internacional.\" \/>\n<meta name=\"robots\" content=\"index, follow, max-snippet:-1, max-image-preview:large, max-video-preview:-1\" \/>\n<link rel=\"canonical\" href=\"https:\/\/pafritas.es\/fr\/feria-anuga-2023\/\" \/>\n<meta property=\"og:locale\" content=\"fr_FR\" \/>\n<meta property=\"og:type\" content=\"article\" \/>\n<meta property=\"og:title\" content=\"Feria ANUGA 2023 - Pafritas\" \/>\n<meta property=\"og:description\" content=\"Pafritas expone en la feria Anuga de 2023 para dar a conocer sus productos en el mercado internacional.\" \/>\n<meta property=\"og:url\" content=\"https:\/\/pafritas.es\/fr\/feria-anuga-2023\/\" \/>\n<meta property=\"og:site_name\" content=\"Pafritas: Patatas fritas artesanales\" \/>\n<meta property=\"article:publisher\" content=\"https:\/\/www.facebook.com\/pafritasartesano\" \/>\n<meta property=\"article:published_time\" content=\"2023-10-05T21:17:53+00:00\" \/>\n<meta property=\"article:modified_time\" content=\"2023-10-05T21:21:39+00:00\" \/>\n<meta property=\"og:image\" content=\"https:\/\/pafritas.es\/wp-content\/uploads\/2023\/10\/2023-10-04_FeriaAnuga.jpg\" \/>\n\t<meta property=\"og:image:width\" content=\"1200\" \/>\n\t<meta property=\"og:image:height\" content=\"1200\" \/>\n\t<meta property=\"og:image:type\" content=\"image\/jpeg\" \/>\n<meta name=\"author\" content=\"patataspafritas\" \/>\n<meta name=\"twitter:card\" content=\"summary_large_image\" \/>\n<meta name=\"twitter:creator\" content=\"@Pafritas\" \/>\n<meta name=\"twitter:site\" content=\"@Pafritas\" \/>\n<meta name=\"twitter:label1\" content=\"Written by\" \/>\n\t<meta name=\"twitter:data1\" content=\"patataspafritas\" \/>\n\t<meta name=\"twitter:label2\" content=\"Est. reading time\" \/>\n\t<meta name=\"twitter:data2\" content=\"2 minutes\" \/>\n<script type=\"application\/ld+json\" class=\"yoast-schema-graph\">{\"@context\":\"https:\/\/schema.org\",\"@graph\":[{\"@type\":\"Article\",\"@id\":\"https:\/\/pafritas.es\/fr\/feria-anuga-2023\/#article\",\"isPartOf\":{\"@id\":\"https:\/\/pafritas.es\/fr\/feria-anuga-2023\/\"},\"author\":{\"name\":\"patataspafritas\",\"@id\":\"https:\/\/pafritas.es\/fr\/#\/schema\/person\/bae4942f49e273b382ecd04844851275\"},\"headline\":\"Feria ANUGA 2023\",\"datePublished\":\"2023-10-05T21:17:53+00:00\",\"dateModified\":\"2023-10-05T21:21:39+00:00\",\"mainEntityOfPage\":{\"@id\":\"https:\/\/pafritas.es\/fr\/feria-anuga-2023\/\"},\"wordCount\":257,\"publisher\":{\"@id\":\"https:\/\/pafritas.es\/fr\/#organization\"},\"image\":{\"@id\":\"https:\/\/pafritas.es\/fr\/feria-anuga-2023\/#primaryimage\"},\"thumbnailUrl\":\"https:\/\/pafritas.es\/wp-content\/uploads\/2023\/10\/2023-10-04_FeriaAnuga.jpg\",\"keywords\":[\"Anuga\",\"Feria\",\"Gourmet\",\"Internacional\",\"Noticias\"],\"articleSection\":[\"Agenda\",\"Feria\"],\"inLanguage\":\"fr-FR\"},{\"@type\":\"WebPage\",\"@id\":\"https:\/\/pafritas.es\/fr\/feria-anuga-2023\/\",\"url\":\"https:\/\/pafritas.es\/fr\/feria-anuga-2023\/\",\"name\":\"Feria ANUGA 2023 - Pafritas\",\"isPartOf\":{\"@id\":\"https:\/\/pafritas.es\/fr\/#website\"},\"primaryImageOfPage\":{\"@id\":\"https:\/\/pafritas.es\/fr\/feria-anuga-2023\/#primaryimage\"},\"image\":{\"@id\":\"https:\/\/pafritas.es\/fr\/feria-anuga-2023\/#primaryimage\"},\"thumbnailUrl\":\"https:\/\/pafritas.es\/wp-content\/uploads\/2023\/10\/2023-10-04_FeriaAnuga.jpg\",\"datePublished\":\"2023-10-05T21:17:53+00:00\",\"dateModified\":\"2023-10-05T21:21:39+00:00\",\"description\":\"Pafritas expone en la feria Anuga de 2023 para dar a conocer sus productos en el mercado internacional.\",\"breadcrumb\":{\"@id\":\"https:\/\/pafritas.es\/fr\/feria-anuga-2023\/#breadcrumb\"},\"inLanguage\":\"fr-FR\",\"potentialAction\":[{\"@type\":\"ReadAction\",\"target\":[\"https:\/\/pafritas.es\/fr\/feria-anuga-2023\/\"]}]},{\"@type\":\"ImageObject\",\"inLanguage\":\"fr-FR\",\"@id\":\"https:\/\/pafritas.es\/fr\/feria-anuga-2023\/#primaryimage\",\"url\":\"https:\/\/pafritas.es\/wp-content\/uploads\/2023\/10\/2023-10-04_FeriaAnuga.jpg\",\"contentUrl\":\"https:\/\/pafritas.es\/wp-content\/uploads\/2023\/10\/2023-10-04_FeriaAnuga.jpg\",\"width\":1200,\"height\":1200},{\"@type\":\"BreadcrumbList\",\"@id\":\"https:\/\/pafritas.es\/fr\/feria-anuga-2023\/#breadcrumb\",\"itemListElement\":[{\"@type\":\"ListItem\",\"position\":1,\"name\":\"Portada\",\"item\":\"https:\/\/pafritas.es\/fr\/\"},{\"@type\":\"ListItem\",\"position\":2,\"name\":\"Feria ANUGA 2023\"}]},{\"@type\":\"WebSite\",\"@id\":\"https:\/\/pafritas.es\/fr\/#website\",\"url\":\"https:\/\/pafritas.es\/fr\/\",\"name\":\"Pafritas: Patatas fritas artesanales\",\"description\":\"Garantia de calidad\",\"publisher\":{\"@id\":\"https:\/\/pafritas.es\/fr\/#organization\"},\"potentialAction\":[{\"@type\":\"SearchAction\",\"target\":{\"@type\":\"EntryPoint\",\"urlTemplate\":\"https:\/\/pafritas.es\/fr\/?s={search_term_string}\"},\"query-input\":{\"@type\":\"PropertyValueSpecification\",\"valueRequired\":true,\"valueName\":\"search_term_string\"}}],\"inLanguage\":\"fr-FR\"},{\"@type\":\"Organization\",\"@id\":\"https:\/\/pafritas.es\/fr\/#organization\",\"name\":\"Pafritas\",\"url\":\"https:\/\/pafritas.es\/fr\/\",\"logo\":{\"@type\":\"ImageObject\",\"inLanguage\":\"fr-FR\",\"@id\":\"https:\/\/pafritas.es\/fr\/#\/schema\/logo\/image\/\",\"url\":\"https:\/\/pafritas.es\/wp-content\/uploads\/2013\/10\/Logotipo_Pafritas_Patatas_fritas_de_calidad-2.png\",\"contentUrl\":\"https:\/\/pafritas.es\/wp-content\/uploads\/2013\/10\/Logotipo_Pafritas_Patatas_fritas_de_calidad-2.png\",\"width\":155,\"height\":57,\"caption\":\"Pafritas\"},\"image\":{\"@id\":\"https:\/\/pafritas.es\/fr\/#\/schema\/logo\/image\/\"},\"sameAs\":[\"https:\/\/www.facebook.com\/pafritasartesano\",\"https:\/\/x.com\/Pafritas\",\"https:\/\/www.instagram.com\/pafritas_artesano\/\"]},{\"@type\":\"Person\",\"@id\":\"https:\/\/pafritas.es\/fr\/#\/schema\/person\/bae4942f49e273b382ecd04844851275\",\"name\":\"patataspafritas\",\"image\":{\"@type\":\"ImageObject\",\"inLanguage\":\"fr-FR\",\"@id\":\"https:\/\/pafritas.es\/fr\/#\/schema\/person\/image\/\",\"url\":\"https:\/\/secure.gravatar.com\/avatar\/de05f4eb36958f785dbb785ab368a701191c84b2d3603b54b79fb134b82e054d?s=96&d=mm&r=g\",\"contentUrl\":\"https:\/\/secure.gravatar.com\/avatar\/de05f4eb36958f785dbb785ab368a701191c84b2d3603b54b79fb134b82e054d?s=96&d=mm&r=g\",\"caption\":\"patataspafritas\"},\"url\":\"https:\/\/pafritas.es\/fr\/author\/patataspafritas\/\"}]}<\/script>\n<!-- \/ Yoast SEO plugin. -->","yoast_head_json":{"title":"Feria ANUGA 2023 - Pafritas","description":"Pafritas expone en la feria Anuga de 2023 para dar a conocer sus productos en el mercado internacional.","robots":{"index":"index","follow":"follow","max-snippet":"max-snippet:-1","max-image-preview":"max-image-preview:large","max-video-preview":"max-video-preview:-1"},"canonical":"https:\/\/pafritas.es\/fr\/feria-anuga-2023\/","og_locale":"fr_FR","og_type":"article","og_title":"Feria ANUGA 2023 - Pafritas","og_description":"Pafritas expone en la feria Anuga de 2023 para dar a conocer sus productos en el mercado internacional.","og_url":"https:\/\/pafritas.es\/fr\/feria-anuga-2023\/","og_site_name":"Pafritas: Patatas fritas artesanales","article_publisher":"https:\/\/www.facebook.com\/pafritasartesano","article_published_time":"2023-10-05T21:17:53+00:00","article_modified_time":"2023-10-05T21:21:39+00:00","og_image":[{"width":1200,"height":1200,"url":"https:\/\/pafritas.es\/wp-content\/uploads\/2023\/10\/2023-10-04_FeriaAnuga.jpg","type":"image\/jpeg"}],"author":"patataspafritas","twitter_card":"summary_large_image","twitter_creator":"@Pafritas","twitter_site":"@Pafritas","twitter_misc":{"Written by":"patataspafritas","Est. reading time":"2 minutes"},"schema":{"@context":"https:\/\/schema.org","@graph":[{"@type":"Article","@id":"https:\/\/pafritas.es\/fr\/feria-anuga-2023\/#article","isPartOf":{"@id":"https:\/\/pafritas.es\/fr\/feria-anuga-2023\/"},"author":{"name":"patataspafritas","@id":"https:\/\/pafritas.es\/fr\/#\/schema\/person\/bae4942f49e273b382ecd04844851275"},"headline":"Feria ANUGA 2023","datePublished":"2023-10-05T21:17:53+00:00","dateModified":"2023-10-05T21:21:39+00:00","mainEntityOfPage":{"@id":"https:\/\/pafritas.es\/fr\/feria-anuga-2023\/"},"wordCount":257,"publisher":{"@id":"https:\/\/pafritas.es\/fr\/#organization"},"image":{"@id":"https:\/\/pafritas.es\/fr\/feria-anuga-2023\/#primaryimage"},"thumbnailUrl":"https:\/\/pafritas.es\/wp-content\/uploads\/2023\/10\/2023-10-04_FeriaAnuga.jpg","keywords":["Anuga","Feria","Gourmet","Internacional","Noticias"],"articleSection":["Agenda","Feria"],"inLanguage":"fr-FR"},{"@type":"WebPage","@id":"https:\/\/pafritas.es\/fr\/feria-anuga-2023\/","url":"https:\/\/pafritas.es\/fr\/feria-anuga-2023\/","name":"Feria ANUGA 2023 - Pafritas","isPartOf":{"@id":"https:\/\/pafritas.es\/fr\/#website"},"primaryImageOfPage":{"@id":"https:\/\/pafritas.es\/fr\/feria-anuga-2023\/#primaryimage"},"image":{"@id":"https:\/\/pafritas.es\/fr\/feria-anuga-2023\/#primaryimage"},"thumbnailUrl":"https:\/\/pafritas.es\/wp-content\/uploads\/2023\/10\/2023-10-04_FeriaAnuga.jpg","datePublished":"2023-10-05T21:17:53+00:00","dateModified":"2023-10-05T21:21:39+00:00","description":"Pafritas expone en la feria Anuga de 2023 para dar a conocer sus productos en el mercado internacional.","breadcrumb":{"@id":"https:\/\/pafritas.es\/fr\/feria-anuga-2023\/#breadcrumb"},"inLanguage":"fr-FR","potentialAction":[{"@type":"ReadAction","target":["https:\/\/pafritas.es\/fr\/feria-anuga-2023\/"]}]},{"@type":"ImageObject","inLanguage":"fr-FR","@id":"https:\/\/pafritas.es\/fr\/feria-anuga-2023\/#primaryimage","url":"https:\/\/pafritas.es\/wp-content\/uploads\/2023\/10\/2023-10-04_FeriaAnuga.jpg","contentUrl":"https:\/\/pafritas.es\/wp-content\/uploads\/2023\/10\/2023-10-04_FeriaAnuga.jpg","width":1200,"height":1200},{"@type":"BreadcrumbList","@id":"https:\/\/pafritas.es\/fr\/feria-anuga-2023\/#breadcrumb","itemListElement":[{"@type":"ListItem","position":1,"name":"Portada","item":"https:\/\/pafritas.es\/fr\/"},{"@type":"ListItem","position":2,"name":"Feria ANUGA 2023"}]},{"@type":"WebSite","@id":"https:\/\/pafritas.es\/fr\/#website","url":"https:\/\/pafritas.es\/fr\/","name":"Pafritas: Patatas fritas artesanales","description":"Garantia de calidad","publisher":{"@id":"https:\/\/pafritas.es\/fr\/#organization"},"potentialAction":[{"@type":"SearchAction","target":{"@type":"EntryPoint","urlTemplate":"https:\/\/pafritas.es\/fr\/?s={search_term_string}"},"query-input":{"@type":"PropertyValueSpecification","valueRequired":true,"valueName":"search_term_string"}}],"inLanguage":"fr-FR"},{"@type":"Organization","@id":"https:\/\/pafritas.es\/fr\/#organization","name":"Pafritas","url":"https:\/\/pafritas.es\/fr\/","logo":{"@type":"ImageObject","inLanguage":"fr-FR","@id":"https:\/\/pafritas.es\/fr\/#\/schema\/logo\/image\/","url":"https:\/\/pafritas.es\/wp-content\/uploads\/2013\/10\/Logotipo_Pafritas_Patatas_fritas_de_calidad-2.png","contentUrl":"https:\/\/pafritas.es\/wp-content\/uploads\/2013\/10\/Logotipo_Pafritas_Patatas_fritas_de_calidad-2.png","width":155,"height":57,"caption":"Pafritas"},"image":{"@id":"https:\/\/pafritas.es\/fr\/#\/schema\/logo\/image\/"},"sameAs":["https:\/\/www.facebook.com\/pafritasartesano","https:\/\/x.com\/Pafritas","https:\/\/www.instagram.com\/pafritas_artesano\/"]},{"@type":"Person","@id":"https:\/\/pafritas.es\/fr\/#\/schema\/person\/bae4942f49e273b382ecd04844851275","name":"patataspafritas","image":{"@type":"ImageObject","inLanguage":"fr-FR","@id":"https:\/\/pafritas.es\/fr\/#\/schema\/person\/image\/","url":"https:\/\/secure.gravatar.com\/avatar\/de05f4eb36958f785dbb785ab368a701191c84b2d3603b54b79fb134b82e054d?s=96&d=mm&r=g","contentUrl":"https:\/\/secure.gravatar.com\/avatar\/de05f4eb36958f785dbb785ab368a701191c84b2d3603b54b79fb134b82e054d?s=96&d=mm&r=g","caption":"patataspafritas"},"url":"https:\/\/pafritas.es\/fr\/author\/patataspafritas\/"}]}},"_links":{"self":[{"href":"https:\/\/pafritas.es\/fr\/wp-json\/wp\/v2\/posts\/19046","targetHints":{"allow":["GET"]}}],"collection":[{"href":"https:\/\/pafritas.es\/fr\/wp-json\/wp\/v2\/posts"}],"about":[{"href":"https:\/\/pafritas.es\/fr\/wp-json\/wp\/v2\/types\/post"}],"author":[{"embeddable":true,"href":"https:\/\/pafritas.es\/fr\/wp-json\/wp\/v2\/users\/1"}],"replies":[{"embeddable":true,"href":"https:\/\/pafritas.es\/fr\/wp-json\/wp\/v2\/comments?post=19046"}],"version-history":[{"count":1,"href":"https:\/\/pafritas.es\/fr\/wp-json\/wp\/v2\/posts\/19046\/revisions"}],"predecessor-version":[{"id":19050,"href":"https:\/\/pafritas.es\/fr\/wp-json\/wp\/v2\/posts\/19046\/revisions\/19050"}],"wp:featuredmedia":[{"embeddable":true,"href":"https:\/\/pafritas.es\/fr\/wp-json\/wp\/v2\/media\/19047"}],"wp:attachment":[{"href":"https:\/\/pafritas.es\/fr\/wp-json\/wp\/v2\/media?parent=19046"}],"wp:term":[{"taxonomy":"category","embeddable":true,"href":"https:\/\/pafritas.es\/fr\/wp-json\/wp\/v2\/categories?post=19046"},{"taxonomy":"post_tag","embeddable":true,"href":"https:\/\/pafritas.es\/fr\/wp-json\/wp\/v2\/tags?post=19046"}],"curies":[{"name":"wp","href":"https:\/\/api.w.org\/{rel}","templated":true}]}}