{"id":18963,"date":"2023-04-14T13:16:56","date_gmt":"2023-04-14T13:16:56","guid":{"rendered":"https:\/\/pafritas.es\/?p=18963"},"modified":"2023-04-14T13:30:26","modified_gmt":"2023-04-14T13:30:26","slug":"pafritas-patatas-fritas-artesanales-salon-gourmets-2023","status":"publish","type":"post","link":"https:\/\/pafritas.es\/en\/pafritas-patatas-fritas-artesanales-salon-gourmets-2023\/","title":{"rendered":"Pafritas se une al Sal\u00f3n Gourmets 2023, el evento de alta gastronom\u00eda en Madrid"},"content":{"rendered":"<p>Si eres un amante de la buena comida, tienes una cita ineludible en el <a href=\"https:\/\/www.gourmets.net\/salon-gourmets\">Sal\u00f3n Gourmets 2023<\/a>, el evento m\u00e1s importante de alimentos y bebidas de alta gama en Madrid. Y no puedes dejar de visitar el STAND 7E40, donde encontrar\u00e1s a Pafritas, la marca espa\u00f1ola de patatas fritas artesanales.<\/p>\n<p>En el Sal\u00f3n Gourmets, Pafritas mostrar\u00e1 una amplia selecci\u00f3n de sus productos, que se elaboran con los mejores ingredientes y siguiendo procesos tradicionales para garantizar su sabor y textura. Pero lo que hace que estas patatas fritas sean realmente especiales es la variedad de sabores que ofrecen, como las patatas picantes con trufa negra. \u00bfYa se te hace la boca agua?<\/p>\n<p>Si eres un profesional de la gastronom\u00eda, tambi\u00e9n te interesa saber que Pafritas trabaja con empresas del sector para ofrecer sus productos a restaurantes, bares y tiendas gourmet. De esta manera, cada vez son m\u00e1s los clientes que pueden disfrutar de sus productos en sus establecimientos.<\/p>\n<p>Adem\u00e1s de disfrutar de los sabores \u00fanicos de Pafritas, la presencia de la marca en el Sal\u00f3n Gourmets es una oportunidad para conocer de cerca la pasi\u00f3n y el compromiso que ponen en cada uno de sus productos. Y no solo eso, sino que tambi\u00e9n es una oportunidad para aprender m\u00e1s sobre la elaboraci\u00f3n de las patatas fritas artesanales y la importancia de trabajar con ingredientes de calidad.<\/p>\n<p>En resumen, Pafritas es una de las marcas que no puedes perderte en el Sal\u00f3n Gourmets 2023. Si quieres disfrutar de una experiencia gastron\u00f3mica \u00fanica y descubrir los sabores de unas patatas fritas artesanales de calidad, no puedes dejar de visitar el <strong>STAND 7E40<\/strong>. \u00a1Te esperamos!<\/p>\n","protected":false},"excerpt":{"rendered":"<p>Si eres un amante de la buena comida, tienes una cita ineludible en el Sal\u00f3n Gourmets 2023, el evento m\u00e1s importante de alimentos y bebidas de alta gama en Madrid. Y no puedes dejar de visitar el STAND 7E40, donde [&hellip;]<\/p>\n","protected":false},"author":1,"featured_media":18972,"comment_status":"closed","ping_status":"closed","sticky":false,"template":"","format":"standard","meta":{"footnotes":""},"categories":[511],"tags":[510,501,577],"class_list":["post-18963","post","type-post","status-publish","format-standard","has-post-thumbnail","hentry","category-feria","tag-actualidad","tag-noticias","tag-salon-gourmets"],"yoast_head":"<!-- This site is optimized with the Yoast SEO plugin v25.0 - https:\/\/yoast.com\/wordpress\/plugins\/seo\/ -->\n<title>Pafritas se une al Sal\u00f3n Gourmets 2023, el evento de alta gastronom\u00eda en Madrid - Pafritas<\/title>\n<meta name=\"description\" content=\"Descubre las deliciosas patatas fritas artesanales de Pafritas en el Sal\u00f3n Gourmets 2023 en el stand 7E40.\" \/>\n<meta name=\"robots\" content=\"index, follow, max-snippet:-1, max-image-preview:large, max-video-preview:-1\" \/>\n<link rel=\"canonical\" href=\"https:\/\/pafritas.es\/en\/pafritas-patatas-fritas-artesanales-salon-gourmets-2023\/\" \/>\n<meta property=\"og:locale\" content=\"en_US\" \/>\n<meta property=\"og:type\" content=\"article\" \/>\n<meta property=\"og:title\" content=\"Pafritas se une al Sal\u00f3n Gourmets 2023, el evento de alta gastronom\u00eda en Madrid - Pafritas\" \/>\n<meta property=\"og:description\" content=\"Descubre las deliciosas patatas fritas artesanales de Pafritas en el Sal\u00f3n Gourmets 2023 en el stand 7E40.\" \/>\n<meta property=\"og:url\" content=\"https:\/\/pafritas.es\/en\/pafritas-patatas-fritas-artesanales-salon-gourmets-2023\/\" \/>\n<meta property=\"og:site_name\" content=\"Pafritas: Patatas fritas artesanales\" \/>\n<meta property=\"article:publisher\" content=\"https:\/\/www.facebook.com\/pafritasartesano\" \/>\n<meta property=\"article:published_time\" content=\"2023-04-14T13:16:56+00:00\" \/>\n<meta property=\"article:modified_time\" content=\"2023-04-14T13:30:26+00:00\" \/>\n<meta property=\"og:image\" content=\"https:\/\/pafritas.es\/wp-content\/uploads\/2023\/04\/2023-04-14_SalonGourmets23.jpg\" \/>\n\t<meta property=\"og:image:width\" content=\"1200\" \/>\n\t<meta property=\"og:image:height\" content=\"1200\" \/>\n\t<meta property=\"og:image:type\" content=\"image\/jpeg\" \/>\n<meta name=\"author\" content=\"patataspafritas\" \/>\n<meta name=\"twitter:card\" content=\"summary_large_image\" \/>\n<meta name=\"twitter:creator\" content=\"@Pafritas\" \/>\n<meta name=\"twitter:site\" content=\"@Pafritas\" \/>\n<meta name=\"twitter:label1\" content=\"Written by\" \/>\n\t<meta name=\"twitter:data1\" content=\"patataspafritas\" \/>\n\t<meta name=\"twitter:label2\" content=\"Est. reading time\" \/>\n\t<meta name=\"twitter:data2\" content=\"2 minutes\" \/>\n<script type=\"application\/ld+json\" class=\"yoast-schema-graph\">{\"@context\":\"https:\/\/schema.org\",\"@graph\":[{\"@type\":\"Article\",\"@id\":\"https:\/\/pafritas.es\/en\/pafritas-patatas-fritas-artesanales-salon-gourmets-2023\/#article\",\"isPartOf\":{\"@id\":\"https:\/\/pafritas.es\/en\/pafritas-patatas-fritas-artesanales-salon-gourmets-2023\/\"},\"author\":{\"name\":\"patataspafritas\",\"@id\":\"https:\/\/pafritas.es\/en\/#\/schema\/person\/bae4942f49e273b382ecd04844851275\"},\"headline\":\"Pafritas se une al Sal\u00f3n Gourmets 2023, el evento de alta gastronom\u00eda en Madrid\",\"datePublished\":\"2023-04-14T13:16:56+00:00\",\"dateModified\":\"2023-04-14T13:30:26+00:00\",\"mainEntityOfPage\":{\"@id\":\"https:\/\/pafritas.es\/en\/pafritas-patatas-fritas-artesanales-salon-gourmets-2023\/\"},\"wordCount\":301,\"publisher\":{\"@id\":\"https:\/\/pafritas.es\/en\/#organization\"},\"image\":{\"@id\":\"https:\/\/pafritas.es\/en\/pafritas-patatas-fritas-artesanales-salon-gourmets-2023\/#primaryimage\"},\"thumbnailUrl\":\"https:\/\/pafritas.es\/wp-content\/uploads\/2023\/04\/2023-04-14_SalonGourmets23.jpg\",\"keywords\":[\"actualidad\",\"Noticias\",\"Sal\u00f3n Gourmets\"],\"articleSection\":[\"Feria\"],\"inLanguage\":\"en-US\"},{\"@type\":\"WebPage\",\"@id\":\"https:\/\/pafritas.es\/en\/pafritas-patatas-fritas-artesanales-salon-gourmets-2023\/\",\"url\":\"https:\/\/pafritas.es\/en\/pafritas-patatas-fritas-artesanales-salon-gourmets-2023\/\",\"name\":\"Pafritas se une al Sal\u00f3n Gourmets 2023, el evento de alta gastronom\u00eda en Madrid - Pafritas\",\"isPartOf\":{\"@id\":\"https:\/\/pafritas.es\/en\/#website\"},\"primaryImageOfPage\":{\"@id\":\"https:\/\/pafritas.es\/en\/pafritas-patatas-fritas-artesanales-salon-gourmets-2023\/#primaryimage\"},\"image\":{\"@id\":\"https:\/\/pafritas.es\/en\/pafritas-patatas-fritas-artesanales-salon-gourmets-2023\/#primaryimage\"},\"thumbnailUrl\":\"https:\/\/pafritas.es\/wp-content\/uploads\/2023\/04\/2023-04-14_SalonGourmets23.jpg\",\"datePublished\":\"2023-04-14T13:16:56+00:00\",\"dateModified\":\"2023-04-14T13:30:26+00:00\",\"description\":\"Descubre las deliciosas patatas fritas artesanales de Pafritas en el Sal\u00f3n Gourmets 2023 en el stand 7E40.\",\"breadcrumb\":{\"@id\":\"https:\/\/pafritas.es\/en\/pafritas-patatas-fritas-artesanales-salon-gourmets-2023\/#breadcrumb\"},\"inLanguage\":\"en-US\",\"potentialAction\":[{\"@type\":\"ReadAction\",\"target\":[\"https:\/\/pafritas.es\/en\/pafritas-patatas-fritas-artesanales-salon-gourmets-2023\/\"]}]},{\"@type\":\"ImageObject\",\"inLanguage\":\"en-US\",\"@id\":\"https:\/\/pafritas.es\/en\/pafritas-patatas-fritas-artesanales-salon-gourmets-2023\/#primaryimage\",\"url\":\"https:\/\/pafritas.es\/wp-content\/uploads\/2023\/04\/2023-04-14_SalonGourmets23.jpg\",\"contentUrl\":\"https:\/\/pafritas.es\/wp-content\/uploads\/2023\/04\/2023-04-14_SalonGourmets23.jpg\",\"width\":1200,\"height\":1200},{\"@type\":\"BreadcrumbList\",\"@id\":\"https:\/\/pafritas.es\/en\/pafritas-patatas-fritas-artesanales-salon-gourmets-2023\/#breadcrumb\",\"itemListElement\":[{\"@type\":\"ListItem\",\"position\":1,\"name\":\"Portada\",\"item\":\"https:\/\/pafritas.es\/en\/\"},{\"@type\":\"ListItem\",\"position\":2,\"name\":\"Pafritas se une al Sal\u00f3n Gourmets 2023, el evento de alta gastronom\u00eda en Madrid\"}]},{\"@type\":\"WebSite\",\"@id\":\"https:\/\/pafritas.es\/en\/#website\",\"url\":\"https:\/\/pafritas.es\/en\/\",\"name\":\"Pafritas: Patatas fritas artesanales\",\"description\":\"Garantia de calidad\",\"publisher\":{\"@id\":\"https:\/\/pafritas.es\/en\/#organization\"},\"potentialAction\":[{\"@type\":\"SearchAction\",\"target\":{\"@type\":\"EntryPoint\",\"urlTemplate\":\"https:\/\/pafritas.es\/en\/?s={search_term_string}\"},\"query-input\":{\"@type\":\"PropertyValueSpecification\",\"valueRequired\":true,\"valueName\":\"search_term_string\"}}],\"inLanguage\":\"en-US\"},{\"@type\":\"Organization\",\"@id\":\"https:\/\/pafritas.es\/en\/#organization\",\"name\":\"Pafritas\",\"url\":\"https:\/\/pafritas.es\/en\/\",\"logo\":{\"@type\":\"ImageObject\",\"inLanguage\":\"en-US\",\"@id\":\"https:\/\/pafritas.es\/en\/#\/schema\/logo\/image\/\",\"url\":\"https:\/\/pafritas.es\/wp-content\/uploads\/2013\/10\/Logotipo_Pafritas_Patatas_fritas_de_calidad-2.png\",\"contentUrl\":\"https:\/\/pafritas.es\/wp-content\/uploads\/2013\/10\/Logotipo_Pafritas_Patatas_fritas_de_calidad-2.png\",\"width\":155,\"height\":57,\"caption\":\"Pafritas\"},\"image\":{\"@id\":\"https:\/\/pafritas.es\/en\/#\/schema\/logo\/image\/\"},\"sameAs\":[\"https:\/\/www.facebook.com\/pafritasartesano\",\"https:\/\/x.com\/Pafritas\",\"https:\/\/www.instagram.com\/pafritas_artesano\/\"]},{\"@type\":\"Person\",\"@id\":\"https:\/\/pafritas.es\/en\/#\/schema\/person\/bae4942f49e273b382ecd04844851275\",\"name\":\"patataspafritas\",\"image\":{\"@type\":\"ImageObject\",\"inLanguage\":\"en-US\",\"@id\":\"https:\/\/pafritas.es\/en\/#\/schema\/person\/image\/\",\"url\":\"https:\/\/secure.gravatar.com\/avatar\/de05f4eb36958f785dbb785ab368a701191c84b2d3603b54b79fb134b82e054d?s=96&d=mm&r=g\",\"contentUrl\":\"https:\/\/secure.gravatar.com\/avatar\/de05f4eb36958f785dbb785ab368a701191c84b2d3603b54b79fb134b82e054d?s=96&d=mm&r=g\",\"caption\":\"patataspafritas\"},\"url\":\"https:\/\/pafritas.es\/en\/author\/patataspafritas\/\"}]}<\/script>\n<!-- \/ Yoast SEO plugin. -->","yoast_head_json":{"title":"Pafritas se une al Sal\u00f3n Gourmets 2023, el evento de alta gastronom\u00eda en Madrid - Pafritas","description":"Descubre las deliciosas patatas fritas artesanales de Pafritas en el Sal\u00f3n Gourmets 2023 en el stand 7E40.","robots":{"index":"index","follow":"follow","max-snippet":"max-snippet:-1","max-image-preview":"max-image-preview:large","max-video-preview":"max-video-preview:-1"},"canonical":"https:\/\/pafritas.es\/en\/pafritas-patatas-fritas-artesanales-salon-gourmets-2023\/","og_locale":"en_US","og_type":"article","og_title":"Pafritas se une al Sal\u00f3n Gourmets 2023, el evento de alta gastronom\u00eda en Madrid - Pafritas","og_description":"Descubre las deliciosas patatas fritas artesanales de Pafritas en el Sal\u00f3n Gourmets 2023 en el stand 7E40.","og_url":"https:\/\/pafritas.es\/en\/pafritas-patatas-fritas-artesanales-salon-gourmets-2023\/","og_site_name":"Pafritas: Patatas fritas artesanales","article_publisher":"https:\/\/www.facebook.com\/pafritasartesano","article_published_time":"2023-04-14T13:16:56+00:00","article_modified_time":"2023-04-14T13:30:26+00:00","og_image":[{"width":1200,"height":1200,"url":"https:\/\/pafritas.es\/wp-content\/uploads\/2023\/04\/2023-04-14_SalonGourmets23.jpg","type":"image\/jpeg"}],"author":"patataspafritas","twitter_card":"summary_large_image","twitter_creator":"@Pafritas","twitter_site":"@Pafritas","twitter_misc":{"Written by":"patataspafritas","Est. reading time":"2 minutes"},"schema":{"@context":"https:\/\/schema.org","@graph":[{"@type":"Article","@id":"https:\/\/pafritas.es\/en\/pafritas-patatas-fritas-artesanales-salon-gourmets-2023\/#article","isPartOf":{"@id":"https:\/\/pafritas.es\/en\/pafritas-patatas-fritas-artesanales-salon-gourmets-2023\/"},"author":{"name":"patataspafritas","@id":"https:\/\/pafritas.es\/en\/#\/schema\/person\/bae4942f49e273b382ecd04844851275"},"headline":"Pafritas se une al Sal\u00f3n Gourmets 2023, el evento de alta gastronom\u00eda en Madrid","datePublished":"2023-04-14T13:16:56+00:00","dateModified":"2023-04-14T13:30:26+00:00","mainEntityOfPage":{"@id":"https:\/\/pafritas.es\/en\/pafritas-patatas-fritas-artesanales-salon-gourmets-2023\/"},"wordCount":301,"publisher":{"@id":"https:\/\/pafritas.es\/en\/#organization"},"image":{"@id":"https:\/\/pafritas.es\/en\/pafritas-patatas-fritas-artesanales-salon-gourmets-2023\/#primaryimage"},"thumbnailUrl":"https:\/\/pafritas.es\/wp-content\/uploads\/2023\/04\/2023-04-14_SalonGourmets23.jpg","keywords":["actualidad","Noticias","Sal\u00f3n Gourmets"],"articleSection":["Feria"],"inLanguage":"en-US"},{"@type":"WebPage","@id":"https:\/\/pafritas.es\/en\/pafritas-patatas-fritas-artesanales-salon-gourmets-2023\/","url":"https:\/\/pafritas.es\/en\/pafritas-patatas-fritas-artesanales-salon-gourmets-2023\/","name":"Pafritas se une al Sal\u00f3n Gourmets 2023, el evento de alta gastronom\u00eda en Madrid - Pafritas","isPartOf":{"@id":"https:\/\/pafritas.es\/en\/#website"},"primaryImageOfPage":{"@id":"https:\/\/pafritas.es\/en\/pafritas-patatas-fritas-artesanales-salon-gourmets-2023\/#primaryimage"},"image":{"@id":"https:\/\/pafritas.es\/en\/pafritas-patatas-fritas-artesanales-salon-gourmets-2023\/#primaryimage"},"thumbnailUrl":"https:\/\/pafritas.es\/wp-content\/uploads\/2023\/04\/2023-04-14_SalonGourmets23.jpg","datePublished":"2023-04-14T13:16:56+00:00","dateModified":"2023-04-14T13:30:26+00:00","description":"Descubre las deliciosas patatas fritas artesanales de Pafritas en el Sal\u00f3n Gourmets 2023 en el stand 7E40.","breadcrumb":{"@id":"https:\/\/pafritas.es\/en\/pafritas-patatas-fritas-artesanales-salon-gourmets-2023\/#breadcrumb"},"inLanguage":"en-US","potentialAction":[{"@type":"ReadAction","target":["https:\/\/pafritas.es\/en\/pafritas-patatas-fritas-artesanales-salon-gourmets-2023\/"]}]},{"@type":"ImageObject","inLanguage":"en-US","@id":"https:\/\/pafritas.es\/en\/pafritas-patatas-fritas-artesanales-salon-gourmets-2023\/#primaryimage","url":"https:\/\/pafritas.es\/wp-content\/uploads\/2023\/04\/2023-04-14_SalonGourmets23.jpg","contentUrl":"https:\/\/pafritas.es\/wp-content\/uploads\/2023\/04\/2023-04-14_SalonGourmets23.jpg","width":1200,"height":1200},{"@type":"BreadcrumbList","@id":"https:\/\/pafritas.es\/en\/pafritas-patatas-fritas-artesanales-salon-gourmets-2023\/#breadcrumb","itemListElement":[{"@type":"ListItem","position":1,"name":"Portada","item":"https:\/\/pafritas.es\/en\/"},{"@type":"ListItem","position":2,"name":"Pafritas se une al Sal\u00f3n Gourmets 2023, el evento de alta gastronom\u00eda en Madrid"}]},{"@type":"WebSite","@id":"https:\/\/pafritas.es\/en\/#website","url":"https:\/\/pafritas.es\/en\/","name":"Pafritas: Patatas fritas artesanales","description":"Garantia de calidad","publisher":{"@id":"https:\/\/pafritas.es\/en\/#organization"},"potentialAction":[{"@type":"SearchAction","target":{"@type":"EntryPoint","urlTemplate":"https:\/\/pafritas.es\/en\/?s={search_term_string}"},"query-input":{"@type":"PropertyValueSpecification","valueRequired":true,"valueName":"search_term_string"}}],"inLanguage":"en-US"},{"@type":"Organization","@id":"https:\/\/pafritas.es\/en\/#organization","name":"Pafritas","url":"https:\/\/pafritas.es\/en\/","logo":{"@type":"ImageObject","inLanguage":"en-US","@id":"https:\/\/pafritas.es\/en\/#\/schema\/logo\/image\/","url":"https:\/\/pafritas.es\/wp-content\/uploads\/2013\/10\/Logotipo_Pafritas_Patatas_fritas_de_calidad-2.png","contentUrl":"https:\/\/pafritas.es\/wp-content\/uploads\/2013\/10\/Logotipo_Pafritas_Patatas_fritas_de_calidad-2.png","width":155,"height":57,"caption":"Pafritas"},"image":{"@id":"https:\/\/pafritas.es\/en\/#\/schema\/logo\/image\/"},"sameAs":["https:\/\/www.facebook.com\/pafritasartesano","https:\/\/x.com\/Pafritas","https:\/\/www.instagram.com\/pafritas_artesano\/"]},{"@type":"Person","@id":"https:\/\/pafritas.es\/en\/#\/schema\/person\/bae4942f49e273b382ecd04844851275","name":"patataspafritas","image":{"@type":"ImageObject","inLanguage":"en-US","@id":"https:\/\/pafritas.es\/en\/#\/schema\/person\/image\/","url":"https:\/\/secure.gravatar.com\/avatar\/de05f4eb36958f785dbb785ab368a701191c84b2d3603b54b79fb134b82e054d?s=96&d=mm&r=g","contentUrl":"https:\/\/secure.gravatar.com\/avatar\/de05f4eb36958f785dbb785ab368a701191c84b2d3603b54b79fb134b82e054d?s=96&d=mm&r=g","caption":"patataspafritas"},"url":"https:\/\/pafritas.es\/en\/author\/patataspafritas\/"}]}},"_links":{"self":[{"href":"https:\/\/pafritas.es\/en\/wp-json\/wp\/v2\/posts\/18963","targetHints":{"allow":["GET"]}}],"collection":[{"href":"https:\/\/pafritas.es\/en\/wp-json\/wp\/v2\/posts"}],"about":[{"href":"https:\/\/pafritas.es\/en\/wp-json\/wp\/v2\/types\/post"}],"author":[{"embeddable":true,"href":"https:\/\/pafritas.es\/en\/wp-json\/wp\/v2\/users\/1"}],"replies":[{"embeddable":true,"href":"https:\/\/pafritas.es\/en\/wp-json\/wp\/v2\/comments?post=18963"}],"version-history":[{"count":2,"href":"https:\/\/pafritas.es\/en\/wp-json\/wp\/v2\/posts\/18963\/revisions"}],"predecessor-version":[{"id":18975,"href":"https:\/\/pafritas.es\/en\/wp-json\/wp\/v2\/posts\/18963\/revisions\/18975"}],"wp:featuredmedia":[{"embeddable":true,"href":"https:\/\/pafritas.es\/en\/wp-json\/wp\/v2\/media\/18972"}],"wp:attachment":[{"href":"https:\/\/pafritas.es\/en\/wp-json\/wp\/v2\/media?parent=18963"}],"wp:term":[{"taxonomy":"category","embeddable":true,"href":"https:\/\/pafritas.es\/en\/wp-json\/wp\/v2\/categories?post=18963"},{"taxonomy":"post_tag","embeddable":true,"href":"https:\/\/pafritas.es\/en\/wp-json\/wp\/v2\/tags?post=18963"}],"curies":[{"name":"wp","href":"https:\/\/api.w.org\/{rel}","templated":true}]}}